{"id":10228,"__str__":"Projeto de Lei Ordin\u00e1ria pelo Executivo n\u00ba 23 de 2023","link_detail_backend":"/materia/10228","metadata":{},"numero":23,"ano":2023,"numero_protocolo":null,"data_apresentacao":"2023-10-04","tipo_apresentacao":"","data_publicacao":null,"numero_origem_externa":"","ano_origem_externa":null,"data_origem_externa":null,"apelido":"","dias_prazo":null,"data_fim_prazo":null,"em_tramitacao":false,"polemica":false,"objeto":"","complementar":false,"ementa":"Encaminha Projeto de Lei Ordin\u00e1ria n.\u00ba 23, de 02 de outubro de 2023, que \"Altera a Lei Ordin\u00e1ria n\u00ba 2.068, de 07 de outubro de 2022, que \u201cInstitui no Munic\u00edpio de Andradas o Dia Municipal de Conscientiza\u00e7\u00e3o do Autismo e d\u00e1 outras provid\u00eancias\u201d.","indexacao":"","observacao":"O Projeto n\u00e3o foi votado porque o Vereador Jos\u00e9 Ricardo Felisberto dos Reis pediu vistas.","resultado":"","texto_original":"http://sapl.andradas.mg.leg.br/media/sapl/public/materialegislativa/2023/10228/plo_23.2023_-_altera_lei_2068.2022_-_autismo.pdf","data_ultima_atualizacao":"2024-07-25T12:41:23.676048-03:00","ip":"186.193.131.156","ultima_edicao":"2024-04-03T13:19:52.012639-03:00","tipo":8,"regime_tramitacao":1,"tipo_origem_externa":null,"local_origem_externa":null,"user":41,"anexadas":[12158,11082,11083,11084,11329,11328,11993,11537,12159],"autores":[37]}