{"id":12676,"__str__":"Requerimento n\u00ba 182 de 2024","link_detail_backend":"/materia/12676","metadata":{},"numero":182,"ano":2024,"numero_protocolo":1027,"data_apresentacao":"2024-10-14","tipo_apresentacao":"","data_publicacao":null,"numero_origem_externa":"","ano_origem_externa":null,"data_origem_externa":null,"apelido":"","dias_prazo":null,"data_fim_prazo":null,"em_tramitacao":true,"polemica":false,"objeto":"","complementar":false,"ementa":"A vereadora que este subscreve, vem a presen\u00e7a de Vossa Excel\u00eancia requerer que se oficie \u00e0 Sra. Chefe do Executivo Municipal, requerendo informa\u00e7\u00f5es de quantas crian\u00e7as no mun\u00edcipio s\u00e3o atendidas pelo IBECA.:\r\nQuantas crian\u00e7as do ensino fundamental?\r\nQuantas crian\u00e7as da educa\u00e7\u00e3o infantil e creches?","indexacao":"","observacao":"","resultado":"","texto_original":"http://sapl.andradas.mg.leg.br/media/sapl/public/materialegislativa/2024/12676/requerimento_no_182-2024.pdf","data_ultima_atualizacao":"2024-10-16T13:51:32.860472-03:00","ip":"186.193.131.156","ultima_edicao":"2024-10-16T13:51:32.759961-03:00","tipo":28,"regime_tramitacao":1,"tipo_origem_externa":null,"local_origem_externa":null,"user":6,"anexadas":[12687,12927],"autores":[43]}