{"id":14758,"__str__":"Of\u00edcio de Vereador n\u00ba 127 de 2025","link_detail_backend":"/materia/14758","metadata":{},"numero":127,"ano":2025,"numero_protocolo":null,"data_apresentacao":"2025-08-01","tipo_apresentacao":"","data_publicacao":null,"numero_origem_externa":"","ano_origem_externa":null,"data_origem_externa":null,"apelido":"","dias_prazo":null,"data_fim_prazo":null,"em_tramitacao":true,"polemica":false,"objeto":"","complementar":false,"ementa":"A vereadora abaixo assinados v\u00eam, respeitosamente, solicitar a este Sindicato que exare parecer t\u00e9cnico acerca do Projeto de Lei Complementar n\u00ba 05, de 03 de julho de 2025, que altera a Lei Complementar n\u00ba 109/2007, respons\u00e1vel por regulamentar o Regime Pr\u00f3prio de Previd\u00eancia Social do Munic\u00edpio de Andradas.\r\nO referido projeto prop\u00f5e a institui\u00e7\u00e3o de gratifica\u00e7\u00e3o por participa\u00e7\u00e3o nas reuni\u00f5es dos Conselhos Administrativo e Fiscal do regime previdenci\u00e1rio, estendendo o benef\u00edcio a membros titulares e suplentes, mediante efetiva presen\u00e7a.\r\nConsiderando que a medida impacta a estrutura de gest\u00e3o do fundo previdenci\u00e1rio e, por consequ\u00eancia, interessa \u00e0 coletividade dos servidores p\u00fablicos municipais, entendemos ser de grande relev\u00e2ncia a contribui\u00e7\u00e3o desta entidade sindical por meio de manifesta\u00e7\u00e3o formal.\r\nContamos com a costumeira aten\u00e7\u00e3o e colocamo-nos \u00e0 disposi\u00e7\u00e3o para quaisquer esclarecimentos adicionais.\r\nAtenciosamente,","indexacao":"","observacao":"","resultado":"","texto_original":"http://sapl.andradas.mg.leg.br/media/sapl/public/materialegislativa/2025/14758/of127_2025.pdf","data_ultima_atualizacao":"2025-08-01T14:04:00.130581-03:00","ip":"186.193.131.156","ultima_edicao":"2025-08-01T14:01:56.777033-03:00","tipo":32,"regime_tramitacao":1,"tipo_origem_externa":null,"local_origem_externa":null,"user":46,"anexadas":[],"autores":[49]}