{"id":3523,"__str__":"Aut\u00f3grafo n\u00ba 8 de 2021","link_detail_backend":"/materia/3523","metadata":{},"numero":8,"ano":2021,"numero_protocolo":null,"data_apresentacao":"2021-04-20","tipo_apresentacao":"E","data_publicacao":null,"numero_origem_externa":"","ano_origem_externa":null,"data_origem_externa":null,"apelido":"","dias_prazo":null,"data_fim_prazo":null,"em_tramitacao":false,"polemica":false,"objeto":"","complementar":false,"ementa":"Projeto de Lei Complementar, pelo Executivo, n\u00ba 04/2021, que:\r\n\"Altera artigo 4.\u00ba, inciso II da Lei Complementar n.\u00ba 100, de 12 de mar\u00e7o de 2007 que \u201cDisp\u00f5e sobre o exerc\u00edcio das atividades de Agente de Combate \u00e0s Endemias e determina outras provid\u00eancias\u201d; Altera o Anexo I da Lei Complementar n.\u00ba 106, de 03 de setembro de 2007, que \u201cDisp\u00f5e sobre a Contrata\u00e7\u00e3o Tempor\u00e1ria de Pessoal para o PSF \u2013 Programa de Sa\u00fade da Fam\u00edlia\u201d; Altera o Anexo I, Quadro Geral de Pessoal, da Lei Complementar n.\u00ba 156 de 1.\u00ba de julho de 2014, que \u201cDisp\u00f5e sobre a fixa\u00e7\u00e3o da jornada de trabalho dos servidores p\u00fablicos municipais\u201d.","indexacao":"","observacao":"","resultado":"","texto_original":"http://sapl.andradas.mg.leg.br/media/sapl/public/materialegislativa/2021/3523/autografo_no_08.2021.pdf","data_ultima_atualizacao":"2021-04-28T17:08:23.099036-03:00","ip":"186.193.131.156","ultima_edicao":"2021-04-28T17:05:49.734794-03:00","tipo":35,"regime_tramitacao":1,"tipo_origem_externa":null,"local_origem_externa":null,"user":6,"anexadas":[],"autores":[25]}