{"id":4377,"__str__":"Requerimento n\u00ba 59 de 2021","link_detail_backend":"/materia/4377","metadata":{},"numero":59,"ano":2021,"numero_protocolo":536,"data_apresentacao":"2021-07-26","tipo_apresentacao":"","data_publicacao":null,"numero_origem_externa":"","ano_origem_externa":null,"data_origem_externa":null,"apelido":"","dias_prazo":null,"data_fim_prazo":null,"em_tramitacao":true,"polemica":false,"objeto":"","complementar":false,"ementa":"Requerendo ao mesmo que revogue a Portaria que est\u00e1 em vigor nesta Casa Legislativa limitando a presen\u00e7a de p\u00fablico nas sess\u00f5es realizadas em Plen\u00e1rio, e dos vereadores poderem voltar a sentar em suas respectivas cadeiras, tendo em vista o novo Decreto Municipal (2450/2021) que flexibilizou diversas atividades no munic\u00edpio de Andradas com a baixa no n\u00famero de casos e mortes nas \u00faltimas semanas.","indexacao":"","observacao":"","resultado":"","texto_original":null,"data_ultima_atualizacao":"2021-07-27T13:22:31.471858-03:00","ip":"186.193.131.156","ultima_edicao":"2021-07-26T16:01:36.822618-03:00","tipo":28,"regime_tramitacao":1,"tipo_origem_externa":null,"local_origem_externa":null,"user":11,"anexadas":[],"autores":[38,39,40,41,42,5,44,43]}