{"id":4606,"__str__":"Of\u00edcio do Gabinete da Presid\u00eancia n\u00ba 489 de 2021","link_detail_backend":"/materia/4606","metadata":{},"numero":489,"ano":2021,"numero_protocolo":null,"data_apresentacao":"2021-08-25","tipo_apresentacao":"","data_publicacao":null,"numero_origem_externa":"","ano_origem_externa":null,"data_origem_externa":null,"apelido":"","dias_prazo":null,"data_fim_prazo":null,"em_tramitacao":true,"polemica":false,"objeto":"","complementar":false,"ementa":"OF\u00cdCIO N\u00b0. 489 / 2021 / GABINETE DA PRESID\u00caNCIA \r\n\r\nAndradas, 25 de agosto de 2021.\r\n\r\n\u00c0 \r\nComiss\u00e3o de Participa\u00e7\u00e3o Popular, Direitos Humanos e Defesa do Consumidor\r\n\r\n\r\nAssunto: Encaminha\t\r\n\r\nA C\u00e2mara Municipal de Andradas, atrav\u00e9s de seus representantes, encaminha a esta comiss\u00e3o proposi\u00e7\u00e3o apresentada pelo Vereador Paulo Cesar Moreira \u2013 Requerimento n\u00ba 78/2021 \u2013 aprovada por unanimidade na Sess\u00e3o Ordin\u00e1ria realizada no dia 24/08/2021, para an\u00e1lise e provid\u00eancias cab\u00edveis.\r\n\t\r\n\r\n \r\n\r\n\r\nAtenciosamente,\r\n\r\n\r\nRegis Basso Andrade\r\nPresidente da C\u00e2mara Municipal de Andradas","indexacao":"","observacao":"","resultado":"","texto_original":"http://sapl.andradas.mg.leg.br/media/sapl/public/materialegislativa/2021/4606/oficio_489-2021_encaminhado.pdf","data_ultima_atualizacao":"2021-09-01T13:16:48.190464-03:00","ip":"186.193.131.156","ultima_edicao":"2021-09-01T13:16:47.870237-03:00","tipo":31,"regime_tramitacao":1,"tipo_origem_externa":null,"local_origem_externa":null,"user":14,"anexadas":[],"autores":[25]}