{"id":5344,"__str__":"Indica\u00e7\u00e3o n\u00ba 357 de 2021","link_detail_backend":"/materia/5344","metadata":{},"numero":357,"ano":2021,"numero_protocolo":960,"data_apresentacao":"2021-11-09","tipo_apresentacao":"","data_publicacao":null,"numero_origem_externa":"","ano_origem_externa":null,"data_origem_externa":null,"apelido":"","dias_prazo":null,"data_fim_prazo":null,"em_tramitacao":true,"polemica":false,"objeto":"","complementar":false,"ementa":"Solicita que se oficie \u00e0 Sra. Chefe do Executivo Municipal, indicando a mesma que seja vista a possibilidade de se utilizar o espa\u00e7o p\u00fablico do coreto existente na Pra\u00e7a Dr. Alcides Mosconi, com a finalidade de promover a\u00e7\u00f5es art\u00edsticas e culturais como shows com bandas, recitais, pe\u00e7as de teatro, dan\u00e7as, exposi\u00e7\u00f5es, entre outros, haja vista que nossa cidade \u00e9 carente de apresenta\u00e7\u00f5es abertas ao p\u00fablico de forma gratuita visando fazer valer o direito ao acesso \u00e0 Cultura.","indexacao":"","observacao":"","resultado":"","texto_original":"http://sapl.andradas.mg.leg.br/media/sapl/public/materialegislativa/2021/5344/indicacao_n.o_357-2021.pdf","data_ultima_atualizacao":"2021-11-24T14:40:05.461814-03:00","ip":"186.193.131.156","ultima_edicao":"2021-11-24T14:40:05.335912-03:00","tipo":27,"regime_tramitacao":1,"tipo_origem_externa":null,"local_origem_externa":null,"user":4,"anexadas":[5841],"autores":[44]}