{"id":5733,"__str__":"Of\u00edcios do Executivo n\u00ba 698 de 2021","link_detail_backend":"/materia/5733","metadata":{},"numero":698,"ano":2021,"numero_protocolo":null,"data_apresentacao":"2021-12-09","tipo_apresentacao":"","data_publicacao":null,"numero_origem_externa":"","ano_origem_externa":null,"data_origem_externa":null,"apelido":"","dias_prazo":null,"data_fim_prazo":null,"em_tramitacao":true,"polemica":false,"objeto":"","complementar":false,"ementa":"Of\u00edcio 927/2021 Em resposta ao Of\u00edcio n.o 702/2021/Gab. da Presid\u00eancia, de 04.11.2021, indica\u00e7\u00e3o apresentada pela Vereadora Rozilda de Campos Conti, protocolizado nesta Prefeitura sob o n.o 12050/2021.","indexacao":"","observacao":"","resultado":"","texto_original":"http://sapl.andradas.mg.leg.br/media/sapl/public/materialegislativa/2021/5733/oficio_927_em_agradecimento_ao_702.pdf","data_ultima_atualizacao":"2021-12-09T16:40:22.132751-03:00","ip":"","ultima_edicao":null,"tipo":42,"regime_tramitacao":1,"tipo_origem_externa":null,"local_origem_externa":null,"user":null,"anexadas":[],"autores":[37]}