{"id":6461,"__str__":"Indica\u00e7\u00e3o n\u00ba 93 de 2022","link_detail_backend":"/materia/6461","metadata":{},"numero":93,"ano":2022,"numero_protocolo":219,"data_apresentacao":"2022-03-02","tipo_apresentacao":"","data_publicacao":null,"numero_origem_externa":"","ano_origem_externa":null,"data_origem_externa":null,"apelido":"","dias_prazo":null,"data_fim_prazo":null,"em_tramitacao":true,"polemica":false,"objeto":"","complementar":false,"ementa":"Que seja implantada a ilumina\u00e7\u00e3o p\u00fablica na rua C na Vila Caracol , ou tomada as devidas provid\u00eancias sobre a responsabilidade de quem dever\u00e1 faze-lo.","indexacao":"","observacao":"","resultado":"","texto_original":"http://sapl.andradas.mg.leg.br/media/sapl/public/materialegislativa/2022/6461/indicacao_93-2022.pdf","data_ultima_atualizacao":"2022-03-09T15:49:32.064284-03:00","ip":"186.193.131.156","ultima_edicao":"2022-03-09T15:49:31.977190-03:00","tipo":27,"regime_tramitacao":1,"tipo_origem_externa":null,"local_origem_externa":null,"user":6,"anexadas":[6602,6835],"autores":[43]}