{"id":6555,"__str__":"Indica\u00e7\u00e3o n\u00ba 76 de 2022","link_detail_backend":"/materia/6555","metadata":{},"numero":76,"ano":2022,"numero_protocolo":200,"data_apresentacao":"2022-02-25","tipo_apresentacao":"","data_publicacao":null,"numero_origem_externa":"","ano_origem_externa":null,"data_origem_externa":null,"apelido":"","dias_prazo":null,"data_fim_prazo":null,"em_tramitacao":true,"polemica":false,"objeto":"","complementar":false,"ementa":"Que seja vista a possibilidade do munic\u00edpio regulamentar no \u00e2mbito do munic\u00edpio de Andradas, e colocar em pr\u00e1tica as regras de PEC (Proposta de Emenda Parlamentar) promulgada na \u00faltima quinta\u2014feira (17), que prev\u00ea a isen\u00e7\u00e3o de IPTU (Imposto PredialTerritorial Urbano) para im\u00f3veis alugados por templos e igrejas.","indexacao":"","observacao":"","resultado":"","texto_original":"http://sapl.andradas.mg.leg.br/media/sapl/public/materialegislativa/2022/6555/indicacao_76-2022.pdf","data_ultima_atualizacao":"2022-03-08T15:11:27.712990-03:00","ip":"186.193.131.156","ultima_edicao":"2022-03-08T15:11:27.621535-03:00","tipo":27,"regime_tramitacao":1,"tipo_origem_externa":null,"local_origem_externa":null,"user":6,"anexadas":[6554,6900],"autores":[9]}