{"id":8125,"__str__":"Of\u00edcio do Gabinete da Presid\u00eancia n\u00ba 605 de 2022","link_detail_backend":"/materia/8125","metadata":{},"numero":605,"ano":2022,"numero_protocolo":null,"data_apresentacao":"2022-08-22","tipo_apresentacao":"E","data_publicacao":null,"numero_origem_externa":"","ano_origem_externa":null,"data_origem_externa":null,"apelido":"","dias_prazo":null,"data_fim_prazo":null,"em_tramitacao":true,"polemica":false,"objeto":"","complementar":false,"ementa":"OF\u00cdCIO N\u00b0. 605 / 2022 / Gab. da Presid\u00eancia     \t\tAndradas, 22 de agosto de 2022.\r\n\r\n\r\n\u00c0 Excelent\u00edssima Senhora\r\nMargot Navarro Graziani Pioli\r\nPrefeita Municipal\r\n\r\n\r\nAssunto: Encaminha\t\r\n   \r\nA C\u00e2mara Municipal de Andradas atrav\u00e9s de seus representantes, encaminhe a Vossa Excel\u00eancia proposi\u00e7\u00e3o apresentada pela Vereadora Rozilda de Campos Conti \u2013 Requerimento n\u00ba 128/2022 aprovada por unanimidade na Sess\u00e3o Ordin\u00e1ria realizada no dia 18/08/2022, para an\u00e1lise e provid\u00eancias cab\u00edveis.\r\n\r\n  \r\n\r\n\r\n\r\nLUIZ GUSTAVO GON\u00c7ALVES XAVIER\r\nPresidente da C\u00e2mara Municipal de Andradas","indexacao":"","observacao":"","resultado":"","texto_original":"http://sapl.andradas.mg.leg.br/media/sapl/public/materialegislativa/2022/8125/of._gab._pres._605-2022.pdf","data_ultima_atualizacao":"2022-09-13T13:48:22.627635-03:00","ip":"186.193.131.156","ultima_edicao":"2022-08-25T16:17:55.387656-03:00","tipo":31,"regime_tramitacao":1,"tipo_origem_externa":null,"local_origem_externa":null,"user":4,"anexadas":[],"autores":[25]}